[{"id":30,"nome":"SOLIMAR FERREIRA","departamento":"Selagem","epi":3,"assiduidade":1,"boletim":3,"meta":0,"ideias":0,"organizacao":2,"obs":"Selagem de embalagem de fechos.\r\nSa\u00edda antecipada.","criado_em":"20\/04\/2026 14:20:33"},{"id":29,"nome":"RODRIGO LOUREN\u00c7O","departamento":"Solda NET","epi":3,"assiduidade":3,"boletim":3,"meta":2,"ideias":0,"organizacao":2,"obs":"Produtividade 38%","criado_em":"20\/04\/2026 14:19:28"},{"id":28,"nome":"RODRIGO FARIAS","departamento":"Dobra","epi":3,"assiduidade":1,"boletim":3,"meta":2,"ideias":0,"organizacao":3,"obs":"Produtividade 47%\r\nAtraso justificado","criado_em":"20\/04\/2026 10:51:10"},{"id":27,"nome":"REGIS OLIVEIRA","departamento":"Embalar Rolos","epi":0,"assiduidade":0,"boletim":0,"meta":0,"ideias":0,"organizacao":0,"obs":"Falta injustificada.","criado_em":"20\/04\/2026 09:38:49"},{"id":26,"nome":"MICHELLE TEODORO","departamento":"Atividade Extra Rotina","epi":3,"assiduidade":3,"boletim":3,"meta":0,"ideias":3,"organizacao":3,"obs":"Proatividade na limpeza\/organiza\u00e7\u00e3o do setor","criado_em":"20\/04\/2026 09:13:50"},{"id":25,"nome":"MATHEUS DRUMMOND","departamento":"Atividade Extra Rotina","epi":3,"assiduidade":3,"boletim":1,"meta":0,"ideias":0,"organizacao":3,"obs":"Revis\u00e3o de fechos.\nColaborador foi orientado quanto a produtividade\/prazos de entrega.","criado_em":"20\/04\/2026 09:12:51"},{"id":24,"nome":"MARCIO THOMAZ","departamento":"Corte","epi":3,"assiduidade":3,"boletim":3,"meta":0,"ideias":0,"organizacao":2,"obs":"Teste da ferramenta do estamparia de arruela na prensa 4T","criado_em":"20\/04\/2026 09:05:37"},{"id":23,"nome":"FERNANDO TEIXEIRA","departamento":"Atividade Extra Rotina","epi":3,"assiduidade":1,"boletim":3,"meta":0,"ideias":0,"organizacao":2,"obs":"Falta justificada.\r\nRevis\u00e3o de fechos","criado_em":"20\/04\/2026 08:55:15"},{"id":22,"nome":"EZIO FRANKLIN","departamento":"Estamparia","epi":3,"assiduidade":3,"boletim":3,"meta":3,"ideias":3,"organizacao":2,"obs":"Proatividade na organiza\u00e7\u00e3o e limpeza do setor.","criado_em":"17\/04\/2026 15:42:39"},{"id":21,"nome":"EDUARDO BARBOSA","departamento":"Enrolar","epi":3,"assiduidade":3,"boletim":3,"meta":4,"ideias":0,"organizacao":3,"obs":"Produtividade 79%","criado_em":"17\/04\/2026 15:18:21"},{"id":20,"nome":"DANIEL OLIVEIRA","departamento":"Atividade Extra Rotina","epi":3,"assiduidade":3,"boletim":3,"meta":0,"ideias":0,"organizacao":3,"obs":"EMBALAGEM NET","criado_em":"17\/04\/2026 12:08:34"},{"id":19,"nome":"CHRISTIAN FEIJ\u00d3","departamento":"Atividade Extra Rotina","epi":0,"assiduidade":0,"boletim":0,"meta":0,"ideias":0,"organizacao":0,"obs":"Colaborador afastado","criado_em":"17\/04\/2026 12:04:59"},{"id":18,"nome":"ANDERSON DE OLIVEIRA","departamento":"Estamparia","epi":3,"assiduidade":3,"boletim":3,"meta":3,"ideias":0,"organizacao":2,"obs":"Produtividade 74%","criado_em":"17\/04\/2026 12:03:45"},{"id":17,"nome":"ADILSON SATURNINO","departamento":"Estamparia","epi":3,"assiduidade":3,"boletim":3,"meta":4,"ideias":3,"organizacao":1,"obs":"Mostrou total disponibilidade quando solicitado para fazeR HE","criado_em":"17\/04\/2026 10:04:52"},{"id":16,"nome":"SOLIMAR FERREIRA","departamento":"Montagem","epi":3,"assiduidade":3,"boletim":3,"meta":3,"ideias":0,"organizacao":3,"obs":"Produtividade 65%","criado_em":"15\/04\/2026 11:57:04"},{"id":15,"nome":"RODRIGO LOUREN\u00c7O","departamento":"Solda NET","epi":3,"assiduidade":3,"boletim":2,"meta":2,"ideias":0,"organizacao":1,"obs":"Produtividade 31 %\r\nMelhorar a organiza\u00e7\u00e3o\/limpeza do local de trabalho.","criado_em":"15\/04\/2026 11:17:23"},{"id":14,"nome":"RODRIGO FARIAS","departamento":"Enrolar","epi":3,"assiduidade":3,"boletim":3,"meta":3,"ideias":0,"organizacao":3,"obs":"Produtividade 68%","criado_em":"15\/04\/2026 11:09:19"},{"id":13,"nome":"REGIS OLIVEIRA","departamento":"Embalar Rolos","epi":3,"assiduidade":3,"boletim":2,"meta":4,"ideias":0,"organizacao":2,"obs":"O colaborador tem sido constantemente orientado quanto a proatividade e alinhamento das rotinas.","criado_em":"15\/04\/2026 10:04:31"},{"id":12,"nome":"MICHELLE TEODORO","departamento":"Corte","epi":3,"assiduidade":3,"boletim":3,"meta":4,"ideias":3,"organizacao":3,"obs":"Participou ativamente, junto com a ferramentaria, na busca da ferramenta para cortar fita 0,8mm.\r\nProdutividade 81%\r\n","criado_em":"15\/04\/2026 10:02:12"},{"id":11,"nome":"MATHEUS DRUMMOND","departamento":"Atividade Extra Rotina","epi":3,"assiduidade":3,"boletim":2,"meta":0,"ideias":0,"organizacao":2,"obs":"Melhorar a organiza\u00e7\u00e3o\/limpeza do local de trabalho.\r\n2\u00b0 opera\u00e7\u00e3o fecho reutiliz\u00e1vel.","criado_em":"15\/04\/2026 09:52:36"},{"id":10,"nome":"MARCIO THOMAZ","departamento":"Corte","epi":3,"assiduidade":3,"boletim":3,"meta":4,"ideias":0,"organizacao":2,"obs":"Pode melhorar quanto a organiza\u00e7\u00e3o","criado_em":"15\/04\/2026 09:44:28"},{"id":8,"nome":"FERNANDO TEIXEIRA","departamento":"Dobra","epi":3,"assiduidade":3,"boletim":3,"meta":2,"ideias":0,"organizacao":3,"obs":"Produtividade 44%","criado_em":"14\/04\/2026 15:46:15"},{"id":7,"nome":"FABIO FRAN\u00c7A","departamento":"Embalagem","epi":3,"assiduidade":3,"boletim":3,"meta":0,"ideias":0,"organizacao":3,"obs":"Embalagem de fechos","criado_em":"14\/04\/2026 15:38:07"},{"id":6,"nome":"EZIO FRANKLIN","departamento":"Estamparia","epi":3,"assiduidade":3,"boletim":3,"meta":2,"ideias":0,"organizacao":3,"obs":"Produtividade 62%","criado_em":"14\/04\/2026 15:36:57"},{"id":5,"nome":"EDUARDO BARBOSA","departamento":"Enrolar","epi":3,"assiduidade":3,"boletim":3,"meta":4,"ideias":0,"organizacao":3,"obs":"Produtividade 78%","criado_em":"14\/04\/2026 15:35:48"},{"id":4,"nome":"DANIEL OLIVEIRA","departamento":"Pintura","epi":3,"assiduidade":3,"boletim":3,"meta":3,"ideias":0,"organizacao":1,"obs":"Organiza\u00e7\u00e3o ruim ","criado_em":"14\/04\/2026 11:11:21"},{"id":3,"nome":"CHRISTIAN FEIJ\u00d3","departamento":"Montagem","epi":3,"assiduidade":0,"boletim":3,"meta":2,"ideias":3,"organizacao":0,"obs":"Produtividade 43%.\nBoletim n\u00e3o preenchido.\nColaborador retornando de afastamento.","criado_em":"14\/04\/2026 10:19:06"},{"id":2,"nome":"ANDERSON DE OLIVEIRA","departamento":"Estamparia","epi":3,"assiduidade":2,"boletim":2,"meta":4,"ideias":0,"organizacao":2,"obs":"Produtividade 83%","criado_em":"14\/04\/2026 09:58:54"},{"id":1,"nome":"ADILSON SATURNINO","departamento":"Estamparia","epi":3,"assiduidade":2,"boletim":0,"meta":3,"ideias":2,"organizacao":0,"obs":"limpeza do local de trabalho ruim","criado_em":"13\/04\/2026 14:36:38"}]